{"id":95,"date":"2021-07-21T14:31:42","date_gmt":"2021-07-21T12:31:42","guid":{"rendered":"https:\/\/wfs.heinx1.de\/?p=95"},"modified":"2022-05-11T12:07:53","modified_gmt":"2022-05-11T10:07:53","slug":"schulbienen","status":"publish","type":"post","link":"https:\/\/www.foerderverein-wfs.de\/index.php\/2021\/07\/21\/schulbienen\/","title":{"rendered":"Schulbienen"},"content":{"rendered":"<div class=\"n module-type-header diyfeLiveArea \">\n<h1><span class=\"diyfeDecoration\">Bes&#8230;s&#8230;s&#8230;s&#8230;sondere Lehrkr\u00e4fte!<\/span><\/h1>\n<\/div>\n<div class=\"n module-type-textWithImage diyfeLiveArea \">\n<div id=\"textWithImage-5815667320\" class=\"clearover \">\n<div class=\"align-container imgright\"><img loading=\"lazy\" decoding=\"async\" class=\"size-medium wp-image-185 alignright\" src=\"https:\/\/www.foerderverein-wfs.de\/wp-content\/uploads\/2021\/07\/8EB068F5-8433-45EB-A999-44FEAAE8F1D5-300x300.jpg\" alt=\"\" width=\"300\" height=\"300\" srcset=\"https:\/\/www.foerderverein-wfs.de\/wp-content\/uploads\/2021\/07\/8EB068F5-8433-45EB-A999-44FEAAE8F1D5-300x300.jpg 300w, https:\/\/www.foerderverein-wfs.de\/wp-content\/uploads\/2021\/07\/8EB068F5-8433-45EB-A999-44FEAAE8F1D5-1024x1024.jpg 1024w, https:\/\/www.foerderverein-wfs.de\/wp-content\/uploads\/2021\/07\/8EB068F5-8433-45EB-A999-44FEAAE8F1D5-150x150.jpg 150w, https:\/\/www.foerderverein-wfs.de\/wp-content\/uploads\/2021\/07\/8EB068F5-8433-45EB-A999-44FEAAE8F1D5-768x767.jpg 768w, https:\/\/www.foerderverein-wfs.de\/wp-content\/uploads\/2021\/07\/8EB068F5-8433-45EB-A999-44FEAAE8F1D5.jpg 1440w\" sizes=\"auto, (max-width: 300px) 100vw, 300px\" \/>Seit 2019 hat die Weibelfeldschule etwa 10.000 neue gefl\u00fcgelte Lehrkr\u00e4fte: Bienen. Mit Hilfe von derzeit zwei Bienenv\u00f6lkern k\u00f6nnen die SuS der Klassenstufen 5-13 nun in einer AG den Umgang mit den flei\u00dfigen Summern hautnah erleben, wie es so zugeht in einem Bienenstock.<\/div>\n<div class=\"textwrapper\">\n<p>Der F\u00f6rderverein unterst\u00fctzt dieses Projekt finanziell gro\u00dfz\u00fcgig, damit Schutzanz\u00fcge, Equipement und anderes bezahlt werden kann.<\/p>\n<p>Mit den Bienenv\u00f6lkern, der Kr\u00e4uter-AG, dem Flaschenprojekt \u201eMehr drin als du denkst\u201c und den Forscher- und Entdeckerklassen geht die Weibelfeldschule immer weiter auf ihrem Weg, den SuS Natur anschaulich n\u00e4her zu bringen und so einen respektvollen Umgang mit unserer Umwelt zu schulen.<\/p>\n<h2><\/h2>\n<h2>ACHTUNG!<\/h2>\n<p><img loading=\"lazy\" decoding=\"async\" class=\"wp-image-97 alignleft\" src=\"https:\/\/wfs.heinx1.de\/wp-content\/uploads\/2021\/07\/bee-705412_960_720.png\" alt=\"\" width=\"276\" height=\"168\" srcset=\"https:\/\/www.foerderverein-wfs.de\/wp-content\/uploads\/2021\/07\/bee-705412_960_720.png 960w, https:\/\/www.foerderverein-wfs.de\/wp-content\/uploads\/2021\/07\/bee-705412_960_720-300x182.png 300w, https:\/\/www.foerderverein-wfs.de\/wp-content\/uploads\/2021\/07\/bee-705412_960_720-768x466.png 768w, https:\/\/www.foerderverein-wfs.de\/wp-content\/uploads\/2021\/07\/bee-705412_960_720-150x91.png 150w\" sizes=\"auto, (max-width: 276px) 100vw, 276px\" \/>Untergebracht sind die Bienen auf der Westseite des Hauptgeb\u00e4udes.<br \/>\nWir bitten darum, die Bienen nicht zu st\u00f6ren und vor allem keine Manipulationen an den K\u00e4sten vorzunehmen.<\/p>\n<p>Bei Fragen rund um das Projekt sind die Ansprechpartner Herr Becker und Herr Weidmann. In dringenden F\u00e4llen erreichen Sie uns unter der folgenden Nummer: 0176\/52110385<\/p>\n<\/div>\n<\/div>\n<\/div>\n","protected":false},"excerpt":{"rendered":"<p>Bes&#8230;s&#8230;s&#8230;s&#8230;sondere Lehrkr\u00e4fte! Seit 2019 hat die Weibelfeldschule etwa 10.000 neue gefl\u00fcgelte Lehrkr\u00e4fte: Bienen. Mit Hilfe von derzeit zwei&#8230; <a class=\"continue-reading-link\" href=\"https:\/\/www.foerderverein-wfs.de\/index.php\/2021\/07\/21\/schulbienen\/\">Weiterlesen&#8230;<\/a><\/p>\n","protected":false},"author":1,"featured_media":185,"comment_status":"closed","ping_status":"closed","sticky":false,"template":"","format":"standard","meta":{"footnotes":""},"categories":[6],"tags":[],"class_list":["post-95","post","type-post","status-publish","format-standard","has-post-thumbnail","hentry","category-projekte"],"_links":{"self":[{"href":"https:\/\/www.foerderverein-wfs.de\/index.php\/wp-json\/wp\/v2\/posts\/95","targetHints":{"allow":["GET"]}}],"collection":[{"href":"https:\/\/www.foerderverein-wfs.de\/index.php\/wp-json\/wp\/v2\/posts"}],"about":[{"href":"https:\/\/www.foerderverein-wfs.de\/index.php\/wp-json\/wp\/v2\/types\/post"}],"author":[{"embeddable":true,"href":"https:\/\/www.foerderverein-wfs.de\/index.php\/wp-json\/wp\/v2\/users\/1"}],"replies":[{"embeddable":true,"href":"https:\/\/www.foerderverein-wfs.de\/index.php\/wp-json\/wp\/v2\/comments?post=95"}],"version-history":[{"count":3,"href":"https:\/\/www.foerderverein-wfs.de\/index.php\/wp-json\/wp\/v2\/posts\/95\/revisions"}],"predecessor-version":[{"id":186,"href":"https:\/\/www.foerderverein-wfs.de\/index.php\/wp-json\/wp\/v2\/posts\/95\/revisions\/186"}],"wp:featuredmedia":[{"embeddable":true,"href":"https:\/\/www.foerderverein-wfs.de\/index.php\/wp-json\/wp\/v2\/media\/185"}],"wp:attachment":[{"href":"https:\/\/www.foerderverein-wfs.de\/index.php\/wp-json\/wp\/v2\/media?parent=95"}],"wp:term":[{"taxonomy":"category","embeddable":true,"href":"https:\/\/www.foerderverein-wfs.de\/index.php\/wp-json\/wp\/v2\/categories?post=95"},{"taxonomy":"post_tag","embeddable":true,"href":"https:\/\/www.foerderverein-wfs.de\/index.php\/wp-json\/wp\/v2\/tags?post=95"}],"curies":[{"name":"wp","href":"https:\/\/api.w.org\/{rel}","templated":true}]}}