{"id":75,"date":"2021-01-02T12:59:53","date_gmt":"2021-01-02T11:59:53","guid":{"rendered":"https:\/\/wfs.heinx1.de\/?p=75"},"modified":"2021-07-21T13:00:13","modified_gmt":"2021-07-21T11:00:13","slug":"kunstkalender-2021","status":"publish","type":"post","link":"https:\/\/www.foerderverein-wfs.de\/index.php\/2021\/01\/02\/kunstkalender-2021\/","title":{"rendered":"Kunstkalender 2021"},"content":{"rendered":"<p>Im Jahr 2021 versch\u00f6nert der Weibelfelder Kunstkalender wieder K\u00fcchen, Flure und B\u00fcros! Mit einem bunten Mix aus Grafiken, Tonarbeiten, Collagen und digitalen Zeichnungen bietet er wieder einen tollen Einblick in die Kunstwelt unserer Schule. Dabei haben sich Sch\u00fcler*innen von allen Jahrg\u00e4ngen beteiligt und Beitr\u00e4ge eingereicht. Im Dezember gibt\u2019s ein besonderes Highlight! Das Siegerbild vom\u00a0<a href=\"https:\/\/www.wfs-dreieich.de\/2020\/06\/17\/jetzt-beim-kunstwettbewerb-mitmachen\/\" target=\"_blank\" rel=\"noopener noreferrer\">Kunstwettbewerb aus dem Sommer 2020<\/a>\u00a0hat hier einen w\u00fcrdigen Platz gefunden!<\/p>\n<p>Wieder sehr praktisch: die Termine der gesamten Familie finden ihren Platz im \u00fcbersichtlichen und farblich abwechslungsreich gestalteten Kalender. Der Druck wurde wieder vom F\u00f6rderverein vorfinanziert.<\/p>\n<p><img loading=\"lazy\" decoding=\"async\" class=\"size-full wp-image-76 aligncenter\" src=\"https:\/\/wfs.heinx1.de\/wp-content\/uploads\/2021\/07\/Kunstkalender2021Collage.jpg.jpg\" alt=\"\" width=\"800\" height=\"300\" srcset=\"https:\/\/www.foerderverein-wfs.de\/wp-content\/uploads\/2021\/07\/Kunstkalender2021Collage.jpg.jpg 800w, https:\/\/www.foerderverein-wfs.de\/wp-content\/uploads\/2021\/07\/Kunstkalender2021Collage.jpg-300x113.jpg 300w, https:\/\/www.foerderverein-wfs.de\/wp-content\/uploads\/2021\/07\/Kunstkalender2021Collage.jpg-768x288.jpg 768w, https:\/\/www.foerderverein-wfs.de\/wp-content\/uploads\/2021\/07\/Kunstkalender2021Collage.jpg-150x56.jpg 150w\" sizes=\"auto, (max-width: 800px) 100vw, 800px\" \/><\/p>\n<p><strong>Der Kunstkalender steht ab sofort in der B\u00fccherei zum Verkauf und kann auch \u00fcber den\/die eigene*n Kunstlehrer*in erworben werden.<\/strong><\/p>\n<p>Preis: 12,-<\/p>\n","protected":false},"excerpt":{"rendered":"<p>Im Jahr 2021 versch\u00f6nert der Weibelfelder Kunstkalender wieder K\u00fcchen, Flure und B\u00fcros! Mit einem bunten Mix aus Grafiken,&#8230; <a class=\"continue-reading-link\" href=\"https:\/\/www.foerderverein-wfs.de\/index.php\/2021\/01\/02\/kunstkalender-2021\/\">Weiterlesen&#8230;<\/a><\/p>\n","protected":false},"author":1,"featured_media":77,"comment_status":"closed","ping_status":"closed","sticky":false,"template":"","format":"standard","meta":{"footnotes":""},"categories":[6],"tags":[],"class_list":["post-75","post","type-post","status-publish","format-standard","has-post-thumbnail","hentry","category-projekte"],"_links":{"self":[{"href":"https:\/\/www.foerderverein-wfs.de\/index.php\/wp-json\/wp\/v2\/posts\/75","targetHints":{"allow":["GET"]}}],"collection":[{"href":"https:\/\/www.foerderverein-wfs.de\/index.php\/wp-json\/wp\/v2\/posts"}],"about":[{"href":"https:\/\/www.foerderverein-wfs.de\/index.php\/wp-json\/wp\/v2\/types\/post"}],"author":[{"embeddable":true,"href":"https:\/\/www.foerderverein-wfs.de\/index.php\/wp-json\/wp\/v2\/users\/1"}],"replies":[{"embeddable":true,"href":"https:\/\/www.foerderverein-wfs.de\/index.php\/wp-json\/wp\/v2\/comments?post=75"}],"version-history":[{"count":1,"href":"https:\/\/www.foerderverein-wfs.de\/index.php\/wp-json\/wp\/v2\/posts\/75\/revisions"}],"predecessor-version":[{"id":78,"href":"https:\/\/www.foerderverein-wfs.de\/index.php\/wp-json\/wp\/v2\/posts\/75\/revisions\/78"}],"wp:featuredmedia":[{"embeddable":true,"href":"https:\/\/www.foerderverein-wfs.de\/index.php\/wp-json\/wp\/v2\/media\/77"}],"wp:attachment":[{"href":"https:\/\/www.foerderverein-wfs.de\/index.php\/wp-json\/wp\/v2\/media?parent=75"}],"wp:term":[{"taxonomy":"category","embeddable":true,"href":"https:\/\/www.foerderverein-wfs.de\/index.php\/wp-json\/wp\/v2\/categories?post=75"},{"taxonomy":"post_tag","embeddable":true,"href":"https:\/\/www.foerderverein-wfs.de\/index.php\/wp-json\/wp\/v2\/tags?post=75"}],"curies":[{"name":"wp","href":"https:\/\/api.w.org\/{rel}","templated":true}]}}