{"id":314,"date":"2023-01-06T11:30:36","date_gmt":"2023-01-06T10:30:36","guid":{"rendered":"https:\/\/www.foerderverein-wfs.de\/?p=314"},"modified":"2023-01-18T16:07:50","modified_gmt":"2023-01-18T15:07:50","slug":"umweltklasse-stellt-seife-her","status":"publish","type":"post","link":"https:\/\/www.foerderverein-wfs.de\/index.php\/2023\/01\/06\/umweltklasse-stellt-seife-her\/","title":{"rendered":"Umweltklasse stellt Seife her!"},"content":{"rendered":"<p><img loading=\"lazy\" decoding=\"async\" class=\"size-medium wp-image-316 alignright\" src=\"https:\/\/www.foerderverein-wfs.de\/wp-content\/uploads\/2023\/01\/2022-12-Seife-webtauglich-290x300.jpg\" alt=\"\" width=\"290\" height=\"300\" srcset=\"https:\/\/www.foerderverein-wfs.de\/wp-content\/uploads\/2023\/01\/2022-12-Seife-webtauglich-290x300.jpg 290w, https:\/\/www.foerderverein-wfs.de\/wp-content\/uploads\/2023\/01\/2022-12-Seife-webtauglich-991x1024.jpg 991w, https:\/\/www.foerderverein-wfs.de\/wp-content\/uploads\/2023\/01\/2022-12-Seife-webtauglich-768x793.jpg 768w, https:\/\/www.foerderverein-wfs.de\/wp-content\/uploads\/2023\/01\/2022-12-Seife-webtauglich-145x150.jpg 145w, https:\/\/www.foerderverein-wfs.de\/wp-content\/uploads\/2023\/01\/2022-12-Seife-webtauglich.jpg 1098w\" sizes=\"auto, (max-width: 290px) 100vw, 290px\" \/>Am Mittwoch, den 14. Dezember, hat die Umweltklasse die K\u00fcche zu einem nachhaltigen Seifenstudio gemacht. Gemeinsam mit ihrem Klassenlehrer Herrn M\u00f6ck und f\u00fcnf Oberstufensch\u00fclerinnen haben sie nachhaltige Seife und Badekugeln hergestellt. Entstanden ist die Idee bei Gespr\u00e4chen \u00fcber das Thema Nachhaltigkeit zwischen Sch\u00fcler*innen und wurde dann von Helen Teketel ausformuliert.<br \/>\nNun stellt sich die Frage: warum eigentlich dieses Projekt? Dies ist einfach zu beantworten! Die Schule ist in diesem Jahr als Umweltschule ausgezeichnet worden. Gemeinsam haben wir das Ziel, die Sch\u00fcler*innen und Lehrkr\u00e4fte anzuregen, nachhaltiger zu leben. In unserer Seife und auch in den Badekugeln befinden sich nachhaltige Inhaltsstoffe, die biologisch abbaubar sind. Und M\u00fcll f\u00e4llt bei selbstgemachten Basekugeln auch nicht an! Und welche Klasse w\u00fcrde sich f\u00fcr ein solches Projekt besser eignen als unsere hauseigene Umweltklasse?<br \/>\nMit viel Freude und Spa\u00df haben die Sch\u00fcler*innen \u00fcber 50 Seifen und 39 Badekugeln selbst hergestellt. Am 19. und 20. Dezember stehen diese zum Erwerb vor der Aula bereit. Perfekt, um ein kurzfristiges und obendrein noch nachhaltiges Weihnachtsgeschenk zu erwerben. Die Einnahmen werden dann f\u00fcr das n\u00e4chste nachhaltige Projekt genutzt. Die Kreativklasse 6a hat mit Herrn Schnellbacher daf\u00fcr extra eine kreative Werbekampagne gestartet &#8211; ein mega gro\u00dfes Danke daf\u00fcr!<br \/>\nUnser Dank geht au\u00dferdem an den F\u00f6rderverein der Weibelfeldschule und auch an die Umweltklasse, die mit Begeisterung am Projekt teilgenommen hat. Ein weiterer Dank geht an Frau Herrera, die uns mit Materialien unterst\u00fctzt hat.<br \/>\nIm n\u00e4chsten Halbjahr haben wir das Ziel, weitere nachhaltige Projekte an der Schule durchzuf\u00fchren und freuen uns schon auf eure Unterst\u00fctzung!<\/p>\n<p style=\"text-align: right;\">Kristina Hohenstein (Q1), Emma Gr\u00f6ting (Q1) und Helen Teketel (Q1)<\/p>\n","protected":false},"excerpt":{"rendered":"<p>Am Mittwoch, den 14. Dezember, hat die Umweltklasse die K\u00fcche zu einem nachhaltigen Seifenstudio gemacht. Gemeinsam mit ihrem&#8230; <a class=\"continue-reading-link\" href=\"https:\/\/www.foerderverein-wfs.de\/index.php\/2023\/01\/06\/umweltklasse-stellt-seife-her\/\">Weiterlesen&#8230;<\/a><\/p>\n","protected":false},"author":1,"featured_media":316,"comment_status":"closed","ping_status":"closed","sticky":false,"template":"","format":"standard","meta":{"footnotes":""},"categories":[6],"tags":[17],"class_list":["post-314","post","type-post","status-publish","format-standard","has-post-thumbnail","hentry","category-projekte","tag-umweltschule"],"_links":{"self":[{"href":"https:\/\/www.foerderverein-wfs.de\/index.php\/wp-json\/wp\/v2\/posts\/314","targetHints":{"allow":["GET"]}}],"collection":[{"href":"https:\/\/www.foerderverein-wfs.de\/index.php\/wp-json\/wp\/v2\/posts"}],"about":[{"href":"https:\/\/www.foerderverein-wfs.de\/index.php\/wp-json\/wp\/v2\/types\/post"}],"author":[{"embeddable":true,"href":"https:\/\/www.foerderverein-wfs.de\/index.php\/wp-json\/wp\/v2\/users\/1"}],"replies":[{"embeddable":true,"href":"https:\/\/www.foerderverein-wfs.de\/index.php\/wp-json\/wp\/v2\/comments?post=314"}],"version-history":[{"count":2,"href":"https:\/\/www.foerderverein-wfs.de\/index.php\/wp-json\/wp\/v2\/posts\/314\/revisions"}],"predecessor-version":[{"id":317,"href":"https:\/\/www.foerderverein-wfs.de\/index.php\/wp-json\/wp\/v2\/posts\/314\/revisions\/317"}],"wp:featuredmedia":[{"embeddable":true,"href":"https:\/\/www.foerderverein-wfs.de\/index.php\/wp-json\/wp\/v2\/media\/316"}],"wp:attachment":[{"href":"https:\/\/www.foerderverein-wfs.de\/index.php\/wp-json\/wp\/v2\/media?parent=314"}],"wp:term":[{"taxonomy":"category","embeddable":true,"href":"https:\/\/www.foerderverein-wfs.de\/index.php\/wp-json\/wp\/v2\/categories?post=314"},{"taxonomy":"post_tag","embeddable":true,"href":"https:\/\/www.foerderverein-wfs.de\/index.php\/wp-json\/wp\/v2\/tags?post=314"}],"curies":[{"name":"wp","href":"https:\/\/api.w.org\/{rel}","templated":true}]}}