{"id":311,"date":"2023-01-05T14:15:02","date_gmt":"2023-01-05T13:15:02","guid":{"rendered":"https:\/\/www.foerderverein-wfs.de\/?p=311"},"modified":"2023-01-05T14:15:02","modified_gmt":"2023-01-05T13:15:02","slug":"kriminalfaelle-geloest","status":"publish","type":"post","link":"https:\/\/www.foerderverein-wfs.de\/index.php\/2023\/01\/05\/kriminalfaelle-geloest\/","title":{"rendered":"Kriminalf\u00e4lle gel\u00f6st!"},"content":{"rendered":"<p><img loading=\"lazy\" decoding=\"async\" class=\"size-medium wp-image-312 alignright\" src=\"https:\/\/www.foerderverein-wfs.de\/wp-content\/uploads\/2023\/01\/IMG_7676-300x163.jpg\" alt=\"\" width=\"300\" height=\"163\" srcset=\"https:\/\/www.foerderverein-wfs.de\/wp-content\/uploads\/2023\/01\/IMG_7676-300x163.jpg 300w, https:\/\/www.foerderverein-wfs.de\/wp-content\/uploads\/2023\/01\/IMG_7676-1024x555.jpg 1024w, https:\/\/www.foerderverein-wfs.de\/wp-content\/uploads\/2023\/01\/IMG_7676-768x416.jpg 768w, https:\/\/www.foerderverein-wfs.de\/wp-content\/uploads\/2023\/01\/IMG_7676-1536x833.jpg 1536w, https:\/\/www.foerderverein-wfs.de\/wp-content\/uploads\/2023\/01\/IMG_7676-2048x1110.jpg 2048w, https:\/\/www.foerderverein-wfs.de\/wp-content\/uploads\/2023\/01\/IMG_7676-150x81.jpg 150w\" sizes=\"auto, (max-width: 300px) 100vw, 300px\" \/><\/p>\n<p>Ber\u00fchmt und doch fast unbekannt &#8211; Corinna Harder verfasste bereits hunderte der beliebten Black-Stories Geschichten und war im Oktober zu Gast in der B\u00fccherei.<br \/>\nDie 6f und die 6g hatten im vorigen Schuljahr bei der Aktion \u201eBiblionauten\u201c besonders gut abgeschnitten und durften gemeinsam mit der Autorin spannende F\u00e4lle l\u00f6sen.<br \/>\nWie kam es dazu, dass ein ganzer Stra\u00dfenzug von Walblut gesprenkelt wurde? Warum kann ein Hahn kopflos jahrelang leben? Warum wischt Ulli l\u00e4chelnd Vanessas Blut von der Schultafel? Makaber, unglaublich und irre witzig &#8211; das sind die Black Stories. Corinna Harder f\u00fchrte die Gruppen geschickt an des R\u00e4tsels L\u00f6sung. F\u00fcr interessierte Klassen gibt&#8217;s in der B\u00fccherei zwei Black Storys Sets zum Ausleihen!<\/p>\n<p>Der F\u00f6rderverein stattet die B\u00fccherei seit 2009 mit einem verl\u00e4sslichen Jahresetat aus &#8211; eine wichtige Grundlage, damit der Medienbestand modern bleibt und das B\u00fcchereiteam Planungssicherheit hat. Lesungen und Events unterst\u00fctzen wir zuverl\u00e4ssig, Gelder aus F\u00f6rdert\u00f6pfen verwalten wir f\u00fcr die B\u00fccherei verl\u00e4sslich.<\/p>\n","protected":false},"excerpt":{"rendered":"<p>Ber\u00fchmt und doch fast unbekannt &#8211; Corinna Harder verfasste bereits hunderte der beliebten Black-Stories Geschichten und war im&#8230; <a class=\"continue-reading-link\" href=\"https:\/\/www.foerderverein-wfs.de\/index.php\/2023\/01\/05\/kriminalfaelle-geloest\/\">Weiterlesen&#8230;<\/a><\/p>\n","protected":false},"author":1,"featured_media":312,"comment_status":"closed","ping_status":"closed","sticky":false,"template":"","format":"standard","meta":{"footnotes":""},"categories":[6],"tags":[24],"class_list":["post-311","post","type-post","status-publish","format-standard","has-post-thumbnail","hentry","category-projekte","tag-buecherei"],"_links":{"self":[{"href":"https:\/\/www.foerderverein-wfs.de\/index.php\/wp-json\/wp\/v2\/posts\/311","targetHints":{"allow":["GET"]}}],"collection":[{"href":"https:\/\/www.foerderverein-wfs.de\/index.php\/wp-json\/wp\/v2\/posts"}],"about":[{"href":"https:\/\/www.foerderverein-wfs.de\/index.php\/wp-json\/wp\/v2\/types\/post"}],"author":[{"embeddable":true,"href":"https:\/\/www.foerderverein-wfs.de\/index.php\/wp-json\/wp\/v2\/users\/1"}],"replies":[{"embeddable":true,"href":"https:\/\/www.foerderverein-wfs.de\/index.php\/wp-json\/wp\/v2\/comments?post=311"}],"version-history":[{"count":1,"href":"https:\/\/www.foerderverein-wfs.de\/index.php\/wp-json\/wp\/v2\/posts\/311\/revisions"}],"predecessor-version":[{"id":313,"href":"https:\/\/www.foerderverein-wfs.de\/index.php\/wp-json\/wp\/v2\/posts\/311\/revisions\/313"}],"wp:featuredmedia":[{"embeddable":true,"href":"https:\/\/www.foerderverein-wfs.de\/index.php\/wp-json\/wp\/v2\/media\/312"}],"wp:attachment":[{"href":"https:\/\/www.foerderverein-wfs.de\/index.php\/wp-json\/wp\/v2\/media?parent=311"}],"wp:term":[{"taxonomy":"category","embeddable":true,"href":"https:\/\/www.foerderverein-wfs.de\/index.php\/wp-json\/wp\/v2\/categories?post=311"},{"taxonomy":"post_tag","embeddable":true,"href":"https:\/\/www.foerderverein-wfs.de\/index.php\/wp-json\/wp\/v2\/tags?post=311"}],"curies":[{"name":"wp","href":"https:\/\/api.w.org\/{rel}","templated":true}]}}