{"id":302,"date":"2023-01-05T14:08:26","date_gmt":"2023-01-05T13:08:26","guid":{"rendered":"https:\/\/www.foerderverein-wfs.de\/?p=302"},"modified":"2023-01-05T14:08:26","modified_gmt":"2023-01-05T13:08:26","slug":"miteinander-fuereinander-mit-uns","status":"publish","type":"post","link":"https:\/\/www.foerderverein-wfs.de\/index.php\/2023\/01\/05\/miteinander-fuereinander-mit-uns\/","title":{"rendered":"Miteinander &#8211; f\u00fcreinander! Mit uns!"},"content":{"rendered":"<p><img loading=\"lazy\" decoding=\"async\" class=\"alignleft wp-image-305 size-medium\" src=\"https:\/\/www.foerderverein-wfs.de\/wp-content\/uploads\/2023\/01\/IMG_8561-scaled-e1672924097822-239x300.jpg\" alt=\"\" width=\"239\" height=\"300\" srcset=\"https:\/\/www.foerderverein-wfs.de\/wp-content\/uploads\/2023\/01\/IMG_8561-scaled-e1672924097822-239x300.jpg 239w, https:\/\/www.foerderverein-wfs.de\/wp-content\/uploads\/2023\/01\/IMG_8561-scaled-e1672924097822-817x1024.jpg 817w, https:\/\/www.foerderverein-wfs.de\/wp-content\/uploads\/2023\/01\/IMG_8561-scaled-e1672924097822-768x963.jpg 768w, https:\/\/www.foerderverein-wfs.de\/wp-content\/uploads\/2023\/01\/IMG_8561-scaled-e1672924097822-120x150.jpg 120w, https:\/\/www.foerderverein-wfs.de\/wp-content\/uploads\/2023\/01\/IMG_8561-scaled-e1672924097822.jpg 1113w\" sizes=\"auto, (max-width: 239px) 100vw, 239px\" \/>Die Weibelfeldschule tut bereits viel im Bereich Soziales Lernen. Wir als F\u00f6rderverein unterst\u00fctzen zahlreiche Projekte, die allj\u00e4hrlich in den verschiedenen jahrgangsstufen umgesetzt werden. Zum Beispiel unterst\u00fctzen wir die Veranstaltung Homologie und Galaktologisch mit Malte Anders in der Jugendliche erleben, dass anders eben nur anders ist und nicht schlimm. Malte Anders beantwortet altersgem\u00e4\u00df und offen Fragen rund ums Thema Homosexualit\u00e4t, Mobbing, Ausgrenzung und mehr. Weitere Veranstaltung zur Gewaltpr\u00e4vention, die allj\u00e4hrliche Wintersportwoche, Events rund um die Pers\u00f6nlichkeitsst\u00e4rkung und zahlreiche Ausstellungen h\u00e4tte es ohne den F\u00f6rderverein nicht gegeben. Den Orange Day Ende November 2022 haben wir finanziell unterst\u00fctzt, weil wir dieses Projekt &#8211; ein Tag im Zeichen gegen Gewalt an Frauen und Kindern &#8211; wichtig finden.<\/p>\n<p>Wir st\u00e4rken der Schule und ihren engagierten Lehrkr\u00e4ften den R\u00fccken &#8211; wir packen mit an!<\/p>\n<p><img loading=\"lazy\" decoding=\"async\" class=\"size-full wp-image-303 aligncenter\" src=\"https:\/\/www.foerderverein-wfs.de\/wp-content\/uploads\/2023\/01\/Sozialkompetenz-Projekte-WFS.jpg\" alt=\"\" width=\"939\" height=\"600\" srcset=\"https:\/\/www.foerderverein-wfs.de\/wp-content\/uploads\/2023\/01\/Sozialkompetenz-Projekte-WFS.jpg 939w, https:\/\/www.foerderverein-wfs.de\/wp-content\/uploads\/2023\/01\/Sozialkompetenz-Projekte-WFS-300x192.jpg 300w, https:\/\/www.foerderverein-wfs.de\/wp-content\/uploads\/2023\/01\/Sozialkompetenz-Projekte-WFS-768x491.jpg 768w, https:\/\/www.foerderverein-wfs.de\/wp-content\/uploads\/2023\/01\/Sozialkompetenz-Projekte-WFS-150x96.jpg 150w\" sizes=\"auto, (max-width: 939px) 100vw, 939px\" \/><\/p>\n","protected":false},"excerpt":{"rendered":"<p>Die Weibelfeldschule tut bereits viel im Bereich Soziales Lernen. Wir als F\u00f6rderverein unterst\u00fctzen zahlreiche Projekte, die allj\u00e4hrlich in&#8230; <a class=\"continue-reading-link\" href=\"https:\/\/www.foerderverein-wfs.de\/index.php\/2023\/01\/05\/miteinander-fuereinander-mit-uns\/\">Weiterlesen&#8230;<\/a><\/p>\n","protected":false},"author":1,"featured_media":304,"comment_status":"closed","ping_status":"closed","sticky":false,"template":"","format":"standard","meta":{"footnotes":""},"categories":[6],"tags":[22],"class_list":["post-302","post","type-post","status-publish","format-standard","has-post-thumbnail","hentry","category-projekte","tag-soziales-lernen"],"_links":{"self":[{"href":"https:\/\/www.foerderverein-wfs.de\/index.php\/wp-json\/wp\/v2\/posts\/302","targetHints":{"allow":["GET"]}}],"collection":[{"href":"https:\/\/www.foerderverein-wfs.de\/index.php\/wp-json\/wp\/v2\/posts"}],"about":[{"href":"https:\/\/www.foerderverein-wfs.de\/index.php\/wp-json\/wp\/v2\/types\/post"}],"author":[{"embeddable":true,"href":"https:\/\/www.foerderverein-wfs.de\/index.php\/wp-json\/wp\/v2\/users\/1"}],"replies":[{"embeddable":true,"href":"https:\/\/www.foerderverein-wfs.de\/index.php\/wp-json\/wp\/v2\/comments?post=302"}],"version-history":[{"count":1,"href":"https:\/\/www.foerderverein-wfs.de\/index.php\/wp-json\/wp\/v2\/posts\/302\/revisions"}],"predecessor-version":[{"id":306,"href":"https:\/\/www.foerderverein-wfs.de\/index.php\/wp-json\/wp\/v2\/posts\/302\/revisions\/306"}],"wp:featuredmedia":[{"embeddable":true,"href":"https:\/\/www.foerderverein-wfs.de\/index.php\/wp-json\/wp\/v2\/media\/304"}],"wp:attachment":[{"href":"https:\/\/www.foerderverein-wfs.de\/index.php\/wp-json\/wp\/v2\/media?parent=302"}],"wp:term":[{"taxonomy":"category","embeddable":true,"href":"https:\/\/www.foerderverein-wfs.de\/index.php\/wp-json\/wp\/v2\/categories?post=302"},{"taxonomy":"post_tag","embeddable":true,"href":"https:\/\/www.foerderverein-wfs.de\/index.php\/wp-json\/wp\/v2\/tags?post=302"}],"curies":[{"name":"wp","href":"https:\/\/api.w.org\/{rel}","templated":true}]}}