{"id":278,"date":"2022-10-20T13:27:26","date_gmt":"2022-10-20T11:27:26","guid":{"rendered":"https:\/\/www.foerderverein-wfs.de\/?p=278"},"modified":"2022-10-20T13:27:40","modified_gmt":"2022-10-20T11:27:40","slug":"2023-blueht-die-kunst-auf-im-kalender","status":"publish","type":"post","link":"https:\/\/www.foerderverein-wfs.de\/index.php\/2022\/10\/20\/2023-blueht-die-kunst-auf-im-kalender\/","title":{"rendered":"2023 bl\u00fcht die Kunst auf &#8211; im Kalender!"},"content":{"rendered":"<p>Auch im kommenden Jahr wird uns der Kalender der Weibelfeldschule mit ausgew\u00e4hlten Werken aus dem Kunstunterricht begleiten. Die Arbeiten von Sch\u00fcler*innen aus den Jahrg\u00e4ngen verschiedener Jahrg\u00e4nge wurden ausgew\u00e4hlt und schm\u00fccken jeweils einen Monat. Seit vielen Jahren ist der Kunstkalender ein besonderes Weihnachtsgeschenk f\u00fcr alle Kunstliebhaber*innen.<\/p>\n<p>Der Kunstkalender ist ab sofort in der B\u00fccherei f\u00fcr 12,- (bitte passend) zu erwerben. Vorgemerkte Kalender zum Vorzugspreis (10,-) k\u00f6nnen bis 15.11. abgeholt werden.<img loading=\"lazy\" decoding=\"async\" class=\"size-full wp-image-279 aligncenter\" src=\"https:\/\/www.foerderverein-wfs.de\/wp-content\/uploads\/2022\/10\/Kunstkalender-2023-klein.jpg\" alt=\"\" width=\"500\" height=\"676\" srcset=\"https:\/\/www.foerderverein-wfs.de\/wp-content\/uploads\/2022\/10\/Kunstkalender-2023-klein.jpg 500w, https:\/\/www.foerderverein-wfs.de\/wp-content\/uploads\/2022\/10\/Kunstkalender-2023-klein-222x300.jpg 222w, https:\/\/www.foerderverein-wfs.de\/wp-content\/uploads\/2022\/10\/Kunstkalender-2023-klein-111x150.jpg 111w\" sizes=\"auto, (max-width: 500px) 100vw, 500px\" \/><\/p>\n","protected":false},"excerpt":{"rendered":"<p>Auch im kommenden Jahr wird uns der Kalender der Weibelfeldschule mit ausgew\u00e4hlten Werken aus dem Kunstunterricht begleiten. Die&#8230; <a class=\"continue-reading-link\" href=\"https:\/\/www.foerderverein-wfs.de\/index.php\/2022\/10\/20\/2023-blueht-die-kunst-auf-im-kalender\/\">Weiterlesen&#8230;<\/a><\/p>\n","protected":false},"author":1,"featured_media":279,"comment_status":"closed","ping_status":"closed","sticky":false,"template":"","format":"standard","meta":{"footnotes":""},"categories":[6],"tags":[10],"class_list":["post-278","post","type-post","status-publish","format-standard","has-post-thumbnail","hentry","category-projekte","tag-kunst"],"_links":{"self":[{"href":"https:\/\/www.foerderverein-wfs.de\/index.php\/wp-json\/wp\/v2\/posts\/278","targetHints":{"allow":["GET"]}}],"collection":[{"href":"https:\/\/www.foerderverein-wfs.de\/index.php\/wp-json\/wp\/v2\/posts"}],"about":[{"href":"https:\/\/www.foerderverein-wfs.de\/index.php\/wp-json\/wp\/v2\/types\/post"}],"author":[{"embeddable":true,"href":"https:\/\/www.foerderverein-wfs.de\/index.php\/wp-json\/wp\/v2\/users\/1"}],"replies":[{"embeddable":true,"href":"https:\/\/www.foerderverein-wfs.de\/index.php\/wp-json\/wp\/v2\/comments?post=278"}],"version-history":[{"count":1,"href":"https:\/\/www.foerderverein-wfs.de\/index.php\/wp-json\/wp\/v2\/posts\/278\/revisions"}],"predecessor-version":[{"id":280,"href":"https:\/\/www.foerderverein-wfs.de\/index.php\/wp-json\/wp\/v2\/posts\/278\/revisions\/280"}],"wp:featuredmedia":[{"embeddable":true,"href":"https:\/\/www.foerderverein-wfs.de\/index.php\/wp-json\/wp\/v2\/media\/279"}],"wp:attachment":[{"href":"https:\/\/www.foerderverein-wfs.de\/index.php\/wp-json\/wp\/v2\/media?parent=278"}],"wp:term":[{"taxonomy":"category","embeddable":true,"href":"https:\/\/www.foerderverein-wfs.de\/index.php\/wp-json\/wp\/v2\/categories?post=278"},{"taxonomy":"post_tag","embeddable":true,"href":"https:\/\/www.foerderverein-wfs.de\/index.php\/wp-json\/wp\/v2\/tags?post=278"}],"curies":[{"name":"wp","href":"https:\/\/api.w.org\/{rel}","templated":true}]}}