{"id":242,"date":"2022-06-10T08:19:47","date_gmt":"2022-06-10T06:19:47","guid":{"rendered":"https:\/\/www.foerderverein-wfs.de\/?p=242"},"modified":"2022-06-10T10:24:05","modified_gmt":"2022-06-10T08:24:05","slug":"hier-wird-geackert","status":"publish","type":"post","link":"https:\/\/www.foerderverein-wfs.de\/index.php\/2022\/06\/10\/hier-wird-geackert\/","title":{"rendered":"Hier wird geackert"},"content":{"rendered":"<p><img loading=\"lazy\" decoding=\"async\" class=\" wp-image-245 alignleft\" src=\"https:\/\/www.foerderverein-wfs.de\/wp-content\/uploads\/2022\/06\/x466rmBI-1024x1024-1.png\" alt=\"\" width=\"163\" height=\"163\" srcset=\"https:\/\/www.foerderverein-wfs.de\/wp-content\/uploads\/2022\/06\/x466rmBI-1024x1024-1.png 1024w, https:\/\/www.foerderverein-wfs.de\/wp-content\/uploads\/2022\/06\/x466rmBI-1024x1024-1-300x300.png 300w, https:\/\/www.foerderverein-wfs.de\/wp-content\/uploads\/2022\/06\/x466rmBI-1024x1024-1-150x150.png 150w, https:\/\/www.foerderverein-wfs.de\/wp-content\/uploads\/2022\/06\/x466rmBI-1024x1024-1-768x768.png 768w\" sizes=\"auto, (max-width: 163px) 100vw, 163px\" \/>Im neuen Schuljahr startet die Weibelfeldschule mit einem Acker! Im Rahmen der Umweltschule sind wir n\u00e4mlich auch &#8222;Ackerschule&#8220; und das in Kooperation mit der <a href=\"https:\/\/www.acker.co\/gemueseackerdemie\" target=\"_blank\" rel=\"noopener\">Gem\u00fcse-Ackerdemie<\/a>. Damit f\u00fcr die neue Umweltklasse dann ab September 2022 schon was zum Ernten und Kosten da ist, wurde nun die zweite Bepflanzung vorgenommen, die 6f war hier mit Herrn M\u00f6ck sehr flei\u00dfig. Der F\u00f6rderverein unterst\u00fctzt das Projekt Ackerschule!<\/p>\n<p>Herr M\u00f6ck wird die erste Umweltklasse unterrichten und freut sich schon auf viele ackerfreudige Sch\u00fcler*innen!<\/p>\n<p>Neben der Umweltklasse k\u00f6nnen die Kids jeweils bei Schulantritt w\u00e4hlen, in welche Themenklasse sie kommen m\u00f6chten. Im Angebot ist die Kreativklasse, die B\u00fchnenklasse, die Reporterklasse, die bewegte Klasse, die Musikklasse, die Forscherklasse und jetzt neu die Umweltklasse.<\/p>\n<p>&nbsp;<\/p>\n<p><img loading=\"lazy\" decoding=\"async\" class=\"size-large wp-image-244 aligncenter\" src=\"https:\/\/www.foerderverein-wfs.de\/wp-content\/uploads\/2022\/06\/a95dae17-9dc8-4de1-8424-34643b4bfb01-1024x749.jpg\" alt=\"\" width=\"1024\" height=\"749\" srcset=\"https:\/\/www.foerderverein-wfs.de\/wp-content\/uploads\/2022\/06\/a95dae17-9dc8-4de1-8424-34643b4bfb01-1024x749.jpg 1024w, https:\/\/www.foerderverein-wfs.de\/wp-content\/uploads\/2022\/06\/a95dae17-9dc8-4de1-8424-34643b4bfb01-300x219.jpg 300w, https:\/\/www.foerderverein-wfs.de\/wp-content\/uploads\/2022\/06\/a95dae17-9dc8-4de1-8424-34643b4bfb01-768x562.jpg 768w, https:\/\/www.foerderverein-wfs.de\/wp-content\/uploads\/2022\/06\/a95dae17-9dc8-4de1-8424-34643b4bfb01-150x110.jpg 150w, https:\/\/www.foerderverein-wfs.de\/wp-content\/uploads\/2022\/06\/a95dae17-9dc8-4de1-8424-34643b4bfb01.jpg 1199w\" sizes=\"auto, (max-width: 1024px) 100vw, 1024px\" \/><\/p>\n","protected":false},"excerpt":{"rendered":"<p>Im neuen Schuljahr startet die Weibelfeldschule mit einem Acker! Im Rahmen der Umweltschule sind wir n\u00e4mlich auch &#8222;Ackerschule&#8220;&#8230; <a class=\"continue-reading-link\" href=\"https:\/\/www.foerderverein-wfs.de\/index.php\/2022\/06\/10\/hier-wird-geackert\/\">Weiterlesen&#8230;<\/a><\/p>\n","protected":false},"author":1,"featured_media":243,"comment_status":"closed","ping_status":"closed","sticky":false,"template":"","format":"standard","meta":{"footnotes":""},"categories":[6],"tags":[16,18,17],"class_list":["post-242","post","type-post","status-publish","format-standard","has-post-thumbnail","hentry","category-projekte","tag-ackerschule","tag-themenklasse","tag-umweltschule"],"_links":{"self":[{"href":"https:\/\/www.foerderverein-wfs.de\/index.php\/wp-json\/wp\/v2\/posts\/242","targetHints":{"allow":["GET"]}}],"collection":[{"href":"https:\/\/www.foerderverein-wfs.de\/index.php\/wp-json\/wp\/v2\/posts"}],"about":[{"href":"https:\/\/www.foerderverein-wfs.de\/index.php\/wp-json\/wp\/v2\/types\/post"}],"author":[{"embeddable":true,"href":"https:\/\/www.foerderverein-wfs.de\/index.php\/wp-json\/wp\/v2\/users\/1"}],"replies":[{"embeddable":true,"href":"https:\/\/www.foerderverein-wfs.de\/index.php\/wp-json\/wp\/v2\/comments?post=242"}],"version-history":[{"count":4,"href":"https:\/\/www.foerderverein-wfs.de\/index.php\/wp-json\/wp\/v2\/posts\/242\/revisions"}],"predecessor-version":[{"id":249,"href":"https:\/\/www.foerderverein-wfs.de\/index.php\/wp-json\/wp\/v2\/posts\/242\/revisions\/249"}],"wp:featuredmedia":[{"embeddable":true,"href":"https:\/\/www.foerderverein-wfs.de\/index.php\/wp-json\/wp\/v2\/media\/243"}],"wp:attachment":[{"href":"https:\/\/www.foerderverein-wfs.de\/index.php\/wp-json\/wp\/v2\/media?parent=242"}],"wp:term":[{"taxonomy":"category","embeddable":true,"href":"https:\/\/www.foerderverein-wfs.de\/index.php\/wp-json\/wp\/v2\/categories?post=242"},{"taxonomy":"post_tag","embeddable":true,"href":"https:\/\/www.foerderverein-wfs.de\/index.php\/wp-json\/wp\/v2\/tags?post=242"}],"curies":[{"name":"wp","href":"https:\/\/api.w.org\/{rel}","templated":true}]}}