{"id":161,"date":"2021-11-20T14:32:39","date_gmt":"2021-11-20T13:32:39","guid":{"rendered":"http:\/\/wp13826145.server-he.de\/?p=161"},"modified":"2022-05-05T14:34:33","modified_gmt":"2022-05-05T12:34:33","slug":"kunstkalender-2022","status":"publish","type":"post","link":"https:\/\/www.foerderverein-wfs.de\/index.php\/2021\/11\/20\/kunstkalender-2022\/","title":{"rendered":"Kunstkalender 2022"},"content":{"rendered":"<p>Auch im kommenden Jahr wird uns der Kalender der Weibelfeldschule mit ausgew\u00e4hlten Werken aus dem Kunstunterricht begleiten. Die Arbeiten von Sch\u00fcler*innen aus den Jahrg\u00e4ngen 5, 6, 7, 9, 10 und 11 wurden ausgew\u00e4hlt und schm\u00fccken jeweils einen Monat. Seit vielen Jahren ist der Kunstkalender ein besonderes Weihnachtsgeschenk f\u00fcr alle Kunstliebhaber*innen.<\/p>\n<p>Der Kunstkalender ist in der B\u00fccherei f\u00fcr 12,- (bitte passend) zu erwerben.<\/p>\n<p><img loading=\"lazy\" decoding=\"async\" class=\"alignnone size-full wp-image-162\" src=\"http:\/\/wp13826145.server-he.de\/wp-content\/uploads\/2022\/05\/KunstKalender2022Banner.jpg\" alt=\"\" width=\"609\" height=\"180\" srcset=\"https:\/\/www.foerderverein-wfs.de\/wp-content\/uploads\/2022\/05\/KunstKalender2022Banner.jpg 609w, https:\/\/www.foerderverein-wfs.de\/wp-content\/uploads\/2022\/05\/KunstKalender2022Banner-300x89.jpg 300w, https:\/\/www.foerderverein-wfs.de\/wp-content\/uploads\/2022\/05\/KunstKalender2022Banner-150x44.jpg 150w\" sizes=\"auto, (max-width: 609px) 100vw, 609px\" \/><\/p>\n","protected":false},"excerpt":{"rendered":"<p>Auch im kommenden Jahr wird uns der Kalender der Weibelfeldschule mit ausgew\u00e4hlten Werken aus dem Kunstunterricht begleiten. Die&#8230; <a class=\"continue-reading-link\" href=\"https:\/\/www.foerderverein-wfs.de\/index.php\/2021\/11\/20\/kunstkalender-2022\/\">Weiterlesen&#8230;<\/a><\/p>\n","protected":false},"author":1,"featured_media":162,"comment_status":"closed","ping_status":"closed","sticky":false,"template":"","format":"standard","meta":{"footnotes":""},"categories":[6],"tags":[10],"class_list":["post-161","post","type-post","status-publish","format-standard","has-post-thumbnail","hentry","category-projekte","tag-kunst"],"_links":{"self":[{"href":"https:\/\/www.foerderverein-wfs.de\/index.php\/wp-json\/wp\/v2\/posts\/161","targetHints":{"allow":["GET"]}}],"collection":[{"href":"https:\/\/www.foerderverein-wfs.de\/index.php\/wp-json\/wp\/v2\/posts"}],"about":[{"href":"https:\/\/www.foerderverein-wfs.de\/index.php\/wp-json\/wp\/v2\/types\/post"}],"author":[{"embeddable":true,"href":"https:\/\/www.foerderverein-wfs.de\/index.php\/wp-json\/wp\/v2\/users\/1"}],"replies":[{"embeddable":true,"href":"https:\/\/www.foerderverein-wfs.de\/index.php\/wp-json\/wp\/v2\/comments?post=161"}],"version-history":[{"count":1,"href":"https:\/\/www.foerderverein-wfs.de\/index.php\/wp-json\/wp\/v2\/posts\/161\/revisions"}],"predecessor-version":[{"id":164,"href":"https:\/\/www.foerderverein-wfs.de\/index.php\/wp-json\/wp\/v2\/posts\/161\/revisions\/164"}],"wp:featuredmedia":[{"embeddable":true,"href":"https:\/\/www.foerderverein-wfs.de\/index.php\/wp-json\/wp\/v2\/media\/162"}],"wp:attachment":[{"href":"https:\/\/www.foerderverein-wfs.de\/index.php\/wp-json\/wp\/v2\/media?parent=161"}],"wp:term":[{"taxonomy":"category","embeddable":true,"href":"https:\/\/www.foerderverein-wfs.de\/index.php\/wp-json\/wp\/v2\/categories?post=161"},{"taxonomy":"post_tag","embeddable":true,"href":"https:\/\/www.foerderverein-wfs.de\/index.php\/wp-json\/wp\/v2\/tags?post=161"}],"curies":[{"name":"wp","href":"https:\/\/api.w.org\/{rel}","templated":true}]}}