{"id":158,"date":"2021-11-10T14:30:49","date_gmt":"2021-11-10T13:30:49","guid":{"rendered":"http:\/\/wp13826145.server-he.de\/?p=158"},"modified":"2022-05-05T14:32:37","modified_gmt":"2022-05-05T12:32:37","slug":"ausbildungsmesse-light-2021","status":"publish","type":"post","link":"https:\/\/www.foerderverein-wfs.de\/index.php\/2021\/11\/10\/ausbildungsmesse-light-2021\/","title":{"rendered":"Ausbildungsmesse light 2021"},"content":{"rendered":"<p>Vom 8. bis 11. November 2021 fand die \u201eWoche der Ausbildung\u201c statt. T\u00e4glich stellten sich Firmen und Institutionen im Zeitraum von 12:30 bis 15:30 Uhr vor: Mit Vortr\u00e4gen, Workshops und Bewerber-Check-up-Gespr\u00e4chen.<\/p>\n<p>Die Ausbildungsmesse an der Weibelfeldschule ist eine Kooperation zwischen dem F\u00f6rderverein und der Schule. Sie bot j\u00e4hrlich \u00fcber 3000 Besuchern vielf\u00e4ltige und kostenlose Angebote und Unterst\u00fctzung bei der Berufs- und Studienwahl. Im aktuellen Schuljahr findet sie, der Corona-Pandemie geschuldet, in dieser abge\u00e4nderten Form statt.<\/p>\n<p><img loading=\"lazy\" decoding=\"async\" class=\"size-large wp-image-159 aligncenter\" src=\"http:\/\/wp13826145.server-he.de\/wp-content\/uploads\/2022\/05\/IMG_9372-1024x768.jpg\" alt=\"\" width=\"1024\" height=\"768\" srcset=\"https:\/\/www.foerderverein-wfs.de\/wp-content\/uploads\/2022\/05\/IMG_9372-1024x768.jpg 1024w, https:\/\/www.foerderverein-wfs.de\/wp-content\/uploads\/2022\/05\/IMG_9372-300x225.jpg 300w, https:\/\/www.foerderverein-wfs.de\/wp-content\/uploads\/2022\/05\/IMG_9372-768x576.jpg 768w, https:\/\/www.foerderverein-wfs.de\/wp-content\/uploads\/2022\/05\/IMG_9372-1536x1152.jpg 1536w, https:\/\/www.foerderverein-wfs.de\/wp-content\/uploads\/2022\/05\/IMG_9372-2048x1536.jpg 2048w, https:\/\/www.foerderverein-wfs.de\/wp-content\/uploads\/2022\/05\/IMG_9372-150x113.jpg 150w\" sizes=\"auto, (max-width: 1024px) 100vw, 1024px\" \/><\/p>\n","protected":false},"excerpt":{"rendered":"<p>Vom 8. bis 11. November 2021 fand die \u201eWoche der Ausbildung\u201c statt. T\u00e4glich stellten sich Firmen und Institutionen&#8230; <a class=\"continue-reading-link\" href=\"https:\/\/www.foerderverein-wfs.de\/index.php\/2021\/11\/10\/ausbildungsmesse-light-2021\/\">Weiterlesen&#8230;<\/a><\/p>\n","protected":false},"author":1,"featured_media":159,"comment_status":"closed","ping_status":"closed","sticky":false,"template":"","format":"standard","meta":{"footnotes":""},"categories":[6],"tags":[8],"class_list":["post-158","post","type-post","status-publish","format-standard","has-post-thumbnail","hentry","category-projekte","tag-ausbildungsmesse"],"_links":{"self":[{"href":"https:\/\/www.foerderverein-wfs.de\/index.php\/wp-json\/wp\/v2\/posts\/158","targetHints":{"allow":["GET"]}}],"collection":[{"href":"https:\/\/www.foerderverein-wfs.de\/index.php\/wp-json\/wp\/v2\/posts"}],"about":[{"href":"https:\/\/www.foerderverein-wfs.de\/index.php\/wp-json\/wp\/v2\/types\/post"}],"author":[{"embeddable":true,"href":"https:\/\/www.foerderverein-wfs.de\/index.php\/wp-json\/wp\/v2\/users\/1"}],"replies":[{"embeddable":true,"href":"https:\/\/www.foerderverein-wfs.de\/index.php\/wp-json\/wp\/v2\/comments?post=158"}],"version-history":[{"count":1,"href":"https:\/\/www.foerderverein-wfs.de\/index.php\/wp-json\/wp\/v2\/posts\/158\/revisions"}],"predecessor-version":[{"id":160,"href":"https:\/\/www.foerderverein-wfs.de\/index.php\/wp-json\/wp\/v2\/posts\/158\/revisions\/160"}],"wp:featuredmedia":[{"embeddable":true,"href":"https:\/\/www.foerderverein-wfs.de\/index.php\/wp-json\/wp\/v2\/media\/159"}],"wp:attachment":[{"href":"https:\/\/www.foerderverein-wfs.de\/index.php\/wp-json\/wp\/v2\/media?parent=158"}],"wp:term":[{"taxonomy":"category","embeddable":true,"href":"https:\/\/www.foerderverein-wfs.de\/index.php\/wp-json\/wp\/v2\/categories?post=158"},{"taxonomy":"post_tag","embeddable":true,"href":"https:\/\/www.foerderverein-wfs.de\/index.php\/wp-json\/wp\/v2\/tags?post=158"}],"curies":[{"name":"wp","href":"https:\/\/api.w.org\/{rel}","templated":true}]}}